{"id":14496,"date":"2026-03-12T14:23:00","date_gmt":"2026-03-12T13:23:00","guid":{"rendered":"https:\/\/www.baloncestobenahavis.com\/?p=14496"},"modified":"2026-03-12T14:28:28","modified_gmt":"2026-03-12T13:28:28","slug":"cronica-nacional-n1-masc-t25-26-j21a-el-cb-benahavis-pierde-ante-el-leader-en-lucena-cordoba-por-98-a-74","status":"publish","type":"post","link":"https:\/\/www.baloncestobenahavis.com\/?p=14496","title":{"rendered":"CR\u00d3NICA | NACIONAL N1 MASC. T25\/26 | J21\u00aa | El CB Benahav\u00eds pierde ante el leader en Lucena (C\u00f3rdoba) por 98 a 74"},"content":{"rendered":"\n<p>No refleja el marcador final la gran lucha que realiz\u00f3 el equipo de Benahav\u00eds ante el leader de la competici\u00f3n, el conjunto de CCB Lucena cordob\u00e9s, con plantilla y aspiraciones claras al ascenso de categor\u00eda.<\/p>\n\n\n\n<p>Aunque el primer cuarto fue claramente para los de Lucena, por 22 a 10, en el segundo cuarto reaccionaban bien los Spartans con un gran parcial, gan\u00e1ndolo por 25 a 29 de manera meritoria, y dejando en -8 la diferencia al descanso, por 47 a 39.<\/p>\n\n\n\n<p>Tras la pausa el equipo de Benahav\u00eds segu\u00eda enchufado desde el per\u00edmetro y encontrando soluciones en el ataque est\u00e1tico, con garra y coraje consegu\u00edan incluso ponerse por delante en el marcador, pero hubo respuesta local, para evitar que los de la Costa del Sol se escaparan. El tercer cuarto fue de nuevo para los Spartans, por 22 a 23, con un -7 en el electr\u00f3nico que reflejaba al t\u00e9rmino del cuarto un 69 a 62.<\/p>\n\n\n\n<p>En el ultimo cuarto, hasta el minuto 4, el marcador iba 69 a 65, solo -4 de diferencia, pero aparecieron los jugadores referentes del equipo de Lucena, que con menos oposici\u00f3n defensiva debido a las rotaciones, acumulaci\u00f3n de faltas y cansancio de los de Benahavis, anotaban varios triples consecutivos, y se escapaban de nuevo en el marcador. El cuarto lo dice todo, 29 a 12 para los cordobeses, que se llevaban el encuentro con el resultado final de 98 a 74.<\/p>\n\n\n\n<p>Una diferencia final que no demuestra el gran trabajo realizado por los Spartans sobre el terreno de juego durante m\u00e1s de dos cuartos.<\/p>\n\n\n\n<p>Queda claro que permanecer concentrados los 40 minutos del partido resulta fundamental si se quiere tener opciones de vencer a cualquier equipo.<\/p>\n\n\n\n<p>Tocar seguir hasta el final, levantar cabeza y trabajar duro, a pesar de las m\u00faltiples bajas por lesi\u00f3n que est\u00e1 sufriendo la plantilla.<\/p>\n\n\n\n<p>Buena actitud a pesar de todo, con un grupo muy unido y con ganas de seguir mejorando.<\/p>\n\n\n\n<p>El pr\u00f3ximo encuentro se disputar\u00e1 en el pabell\u00f3n de Benahavis, \u00abColisseum Spartans\u00bb, el s\u00e1bado 14 de marzo 2026, a partir de las 19:00 horas, frente al CB Alhaur\u00edn de la Torre (M\u00e1laga).<\/p>\n\n\n\n<p><strong>\u00a1\u00a1 No se lo pierdan !!<\/strong><\/p>\n\n\n\n<p><strong>GOSPARTANS<br>Benahavis_es_BALONCESTO<\/strong><\/p>\n\n\n\n<figure class=\"wp-block-image size-large\"><a href=\"https:\/\/www.baloncestobenahavis.com\/wp-content\/uploads\/2026\/03\/J21-T2526-3.jpg\"><img fetchpriority=\"high\" decoding=\"async\" width=\"768\" height=\"1024\" src=\"https:\/\/www.baloncestobenahavis.com\/wp-content\/uploads\/2026\/03\/J21-T2526-3-768x1024.jpg\" alt=\"\" class=\"wp-image-14499\" srcset=\"https:\/\/www.baloncestobenahavis.com\/wp-content\/uploads\/2026\/03\/J21-T2526-3-768x1024.jpg 768w, https:\/\/www.baloncestobenahavis.com\/wp-content\/uploads\/2026\/03\/J21-T2526-3-225x300.jpg 225w, https:\/\/www.baloncestobenahavis.com\/wp-content\/uploads\/2026\/03\/J21-T2526-3-1152x1536.jpg 1152w, https:\/\/www.baloncestobenahavis.com\/wp-content\/uploads\/2026\/03\/J21-T2526-3.jpg 1512w\" sizes=\"(max-width: 768px) 100vw, 768px\" \/><\/a><\/figure>\n\n\n\n<figure class=\"wp-block-image size-large\"><a href=\"https:\/\/www.baloncestobenahavis.com\/wp-content\/uploads\/2026\/03\/J21-T2526-4.jpg\"><img decoding=\"async\" width=\"768\" height=\"1024\" src=\"https:\/\/www.baloncestobenahavis.com\/wp-content\/uploads\/2026\/03\/J21-T2526-4-768x1024.jpg\" alt=\"\" class=\"wp-image-14498\" srcset=\"https:\/\/www.baloncestobenahavis.com\/wp-content\/uploads\/2026\/03\/J21-T2526-4-768x1024.jpg 768w, https:\/\/www.baloncestobenahavis.com\/wp-content\/uploads\/2026\/03\/J21-T2526-4-225x300.jpg 225w, https:\/\/www.baloncestobenahavis.com\/wp-content\/uploads\/2026\/03\/J21-T2526-4-1152x1536.jpg 1152w, https:\/\/www.baloncestobenahavis.com\/wp-content\/uploads\/2026\/03\/J21-T2526-4.jpg 1512w\" sizes=\"(max-width: 768px) 100vw, 768px\" \/><\/a><\/figure>\n\n\n\n<figure class=\"wp-block-image size-large\"><a href=\"https:\/\/www.baloncestobenahavis.com\/wp-content\/uploads\/2026\/03\/J21-T2526-2.jpg\"><img decoding=\"async\" width=\"768\" height=\"1024\" src=\"https:\/\/www.baloncestobenahavis.com\/wp-content\/uploads\/2026\/03\/J21-T2526-2-768x1024.jpg\" alt=\"\" class=\"wp-image-14500\" srcset=\"https:\/\/www.baloncestobenahavis.com\/wp-content\/uploads\/2026\/03\/J21-T2526-2-768x1024.jpg 768w, https:\/\/www.baloncestobenahavis.com\/wp-content\/uploads\/2026\/03\/J21-T2526-2-225x300.jpg 225w, https:\/\/www.baloncestobenahavis.com\/wp-content\/uploads\/2026\/03\/J21-T2526-2-1152x1536.jpg 1152w, https:\/\/www.baloncestobenahavis.com\/wp-content\/uploads\/2026\/03\/J21-T2526-2.jpg 1536w\" sizes=\"(max-width: 768px) 100vw, 768px\" \/><\/a><\/figure>\n\n\n\n<figure class=\"wp-block-image size-large\"><a href=\"https:\/\/www.baloncestobenahavis.com\/wp-content\/uploads\/2026\/03\/J21-T2526-1.jpg\"><img loading=\"lazy\" decoding=\"async\" width=\"768\" height=\"1024\" src=\"https:\/\/www.baloncestobenahavis.com\/wp-content\/uploads\/2026\/03\/J21-T2526-1-768x1024.jpg\" alt=\"\" class=\"wp-image-14501\" srcset=\"https:\/\/www.baloncestobenahavis.com\/wp-content\/uploads\/2026\/03\/J21-T2526-1-768x1024.jpg 768w, https:\/\/www.baloncestobenahavis.com\/wp-content\/uploads\/2026\/03\/J21-T2526-1-225x300.jpg 225w, https:\/\/www.baloncestobenahavis.com\/wp-content\/uploads\/2026\/03\/J21-T2526-1-1152x1536.jpg 1152w, https:\/\/www.baloncestobenahavis.com\/wp-content\/uploads\/2026\/03\/J21-T2526-1.jpg 1536w\" sizes=\"(max-width: 768px) 100vw, 768px\" \/><\/a><\/figure>\n","protected":false},"excerpt":{"rendered":"<p>No refleja el marcador final la gran lucha que realiz\u00f3 el equipo de Benahav\u00eds ante..<\/p>\n","protected":false},"author":3,"featured_media":14501,"comment_status":"closed","ping_status":"closed","sticky":false,"template":"","format":"standard","meta":{"footnotes":""},"categories":[1],"tags":[],"class_list":["post-14496","post","type-post","status-publish","format-standard","has-post-thumbnail","hentry","category-sin-categoria"],"_links":{"self":[{"href":"https:\/\/www.baloncestobenahavis.com\/index.php?rest_route=\/wp\/v2\/posts\/14496","targetHints":{"allow":["GET"]}}],"collection":[{"href":"https:\/\/www.baloncestobenahavis.com\/index.php?rest_route=\/wp\/v2\/posts"}],"about":[{"href":"https:\/\/www.baloncestobenahavis.com\/index.php?rest_route=\/wp\/v2\/types\/post"}],"author":[{"embeddable":true,"href":"https:\/\/www.baloncestobenahavis.com\/index.php?rest_route=\/wp\/v2\/users\/3"}],"replies":[{"embeddable":true,"href":"https:\/\/www.baloncestobenahavis.com\/index.php?rest_route=%2Fwp%2Fv2%2Fcomments&post=14496"}],"version-history":[{"count":2,"href":"https:\/\/www.baloncestobenahavis.com\/index.php?rest_route=\/wp\/v2\/posts\/14496\/revisions"}],"predecessor-version":[{"id":14503,"href":"https:\/\/www.baloncestobenahavis.com\/index.php?rest_route=\/wp\/v2\/posts\/14496\/revisions\/14503"}],"wp:featuredmedia":[{"embeddable":true,"href":"https:\/\/www.baloncestobenahavis.com\/index.php?rest_route=\/wp\/v2\/media\/14501"}],"wp:attachment":[{"href":"https:\/\/www.baloncestobenahavis.com\/index.php?rest_route=%2Fwp%2Fv2%2Fmedia&parent=14496"}],"wp:term":[{"taxonomy":"category","embeddable":true,"href":"https:\/\/www.baloncestobenahavis.com\/index.php?rest_route=%2Fwp%2Fv2%2Fcategories&post=14496"},{"taxonomy":"post_tag","embeddable":true,"href":"https:\/\/www.baloncestobenahavis.com\/index.php?rest_route=%2Fwp%2Fv2%2Ftags&post=14496"}],"curies":[{"name":"wp","href":"https:\/\/api.w.org\/{rel}","templated":true}]}}